{"id":37454,"date":"2026-09-04T09:00:00","date_gmt":"2026-09-04T07:00:00","guid":{"rendered":"https:\/\/pole-franco-allemand.de\/?p=37454"},"modified":"2026-09-04T09:23:56","modified_gmt":"2026-09-04T07:23:56","slug":"hysyn-le-rhin-superieur-region-pionniere-de-la-chaine-de-valeur-europeenne-de-lhydrogene","status":"publish","type":"post","link":"https:\/\/pole-franco-allemand.de\/fr\/hysyn-le-rhin-superieur-region-pionniere-de-la-chaine-de-valeur-europeenne-de-lhydrogene\/","title":{"rendered":"HySyn : le Rhin sup\u00e9rieur, r\u00e9gion pionni\u00e8re de la cha\u00eene de valeur europ\u00e9enne de l&rsquo;hydrog\u00e8ne"},"content":{"rendered":"\n<div style=\"height:20px\" aria-hidden=\"true\" class=\"wp-block-spacer\"><\/div>\n\n<p><strong>Un p\u00f4le trinational d\u00e9di\u00e9 \u00e0 l&rsquo;hydrog\u00e8ne vert<\/strong><\/p>\n\n<p>Avec le projet HySyn, le Rhin sup\u00e9rieur se positionne comme un site majeur de la transition \u00e9nerg\u00e9tique europ\u00e9enne. Dans le cadre du programme Interreg, l\u2019Allemagne, la France et la Suisse collaborent afin d\u2019exploiter les synergies transfrontali\u00e8res. Le projet s\u2019\u00e9tend de 2026 \u00e0 2029 et dispose d\u2019un budget d\u2019environ 3,35 millions d\u2019euros. L\u2019objectif est de poursuivre le d\u00e9veloppement de l\u2019espace trinational en tant que p\u00f4le \u00e9conomique d\u00e9di\u00e9 aux technologies vertes.<\/p>\n\n<p><strong>Une cha\u00eene de valeur commune autour de l\u2019hydrog\u00e8ne<\/strong><\/p>\n\n<p>La mise en place d\u2019une cha\u00eene de valeur int\u00e9gr\u00e9e autour de l\u2019hydrog\u00e8ne est au c\u0153ur du projet. Cela vise notamment \u00e0 faire progresser la d\u00e9carbonisation des industries \u00e0 forte intensit\u00e9 \u00e9nerg\u00e9tique. Parall\u00e8lement, les structures locales doivent contribuer \u00e0 \u00e9viter de nouvelles d\u00e9pendances vis-\u00e0-vis de technologies non europ\u00e9ennes et \u00e0 renforcer la comp\u00e9titivit\u00e9 du Rhin sup\u00e9rieur.<\/p>\n\n<p><strong>Regrouper les comp\u00e9tences et stimuler l\u2019innovation<\/strong><\/p>\n\n<p>Sous l\u2019\u00e9gide de la CCI Grand Est, HySyn mise sur la coop\u00e9ration transfrontali\u00e8re. Les comp\u00e9tences et les besoins de la r\u00e9gion sont cartographi\u00e9s afin d\u2019offrir une aide \u00e0 la d\u00e9cision aux investisseurs et aux collectivit\u00e9s locales. Au total, 26 partenaires sont impliqu\u00e9s, parmi lesquels des PME, des clusters et des instituts tels que le Fraunhofer ISE. Ensemble, ils accompagnent des projets pilotes  et contribuent \u00e0 transformer les innovations en applications concr\u00e8tes pour l\u2019industrie. <\/p>\n\n<p><strong>Infrastructures et cadre juridique<\/strong><\/p>\n\n<p>Le port de Strasbourg et l\u2019universit\u00e9 de Kehl constituent les p\u00f4les centraux du projet. Le port met en place un \u00ab Port Center \u00bb d\u00e9mat\u00e9rialis\u00e9 d\u00e9di\u00e9 \u00e0 l\u2019hydrog\u00e8ne qui analyse les flux de mati\u00e8res et les ressources en eau destin\u00e9s \u00e0 l\u2019\u00e9lectrolyse. L\u2019universit\u00e9 de Kehl, en tant que \u00ab backoffice juridique \u00bb, se charge de l\u2019analyse du cadre juridique. L\u2019objectif est de d\u00e9passer les solutions isol\u00e9es transfrontali\u00e8res et de soutenir des normes harmonis\u00e9es pour un march\u00e9 de l\u2019hydrog\u00e8ne performant.<\/p>\n\n<p><strong>D\u2019une zone de transit \u00e0 un \u00ab Living Lab \u00bb<\/strong><\/p>\n\n<p>HySyn vise \u00e0 faire \u00e9voluer le Rhin sup\u00e9rieur d\u2019une zone de transit \u00e9nerg\u00e9tique vers un \u00ab Living Lab \u00bb d\u00e9di\u00e9 aux applications de l\u2019hydrog\u00e8ne. D\u2019ici 2029, un march\u00e9 pilote op\u00e9rationnel devrait voir le jour, susceptible de servir de mod\u00e8le \u00e0 d\u2019autres r\u00e9gions frontali\u00e8res europ\u00e9ennes.<\/p>\n\n<div style=\"height:20px\" aria-hidden=\"true\" class=\"wp-block-spacer\"><\/div>\n\n<p>Auteur : Haus &amp; Gross<br\/>Source : Wei\u00dfe und blaue Fabrik unter wei\u00dfen Wolken tags\u00fcber &#8211; Kostenloses Foto auf Unsplash<\/p>\n\n<p><\/p>\n","protected":false},"excerpt":{"rendered":"<p>Un p\u00f4le trinational d\u00e9di\u00e9 \u00e0 l&rsquo;hydrog\u00e8ne vert Avec le projet HySyn, le Rhin sup\u00e9rieur se positionne comme un site majeur de la transition \u00e9nerg\u00e9tique europ\u00e9enne. Dans le cadre du programme Interreg, l\u2019Allemagne, la France et la Suisse collaborent afin d\u2019exploiter les synergies transfrontali\u00e8res. Le projet s\u2019\u00e9tend de 2026 \u00e0 2029 et dispose d\u2019un budget d\u2019environ [&hellip;]<\/p>\n","protected":false},"author":193,"featured_media":37452,"comment_status":"closed","ping_status":"closed","sticky":false,"template":"","format":"standard","meta":{"_acf_changed":false,"footnotes":"","_links_to":"","_links_to_target":""},"categories":[1237],"tags":[],"class_list":["post-37454","post","type-post","status-publish","format-standard","has-post-thumbnail","hentry","category-best-practice"],"acf":[],"_links":{"self":[{"href":"https:\/\/pole-franco-allemand.de\/fr\/wp-json\/wp\/v2\/posts\/37454","targetHints":{"allow":["GET"]}}],"collection":[{"href":"https:\/\/pole-franco-allemand.de\/fr\/wp-json\/wp\/v2\/posts"}],"about":[{"href":"https:\/\/pole-franco-allemand.de\/fr\/wp-json\/wp\/v2\/types\/post"}],"author":[{"embeddable":true,"href":"https:\/\/pole-franco-allemand.de\/fr\/wp-json\/wp\/v2\/users\/193"}],"replies":[{"embeddable":true,"href":"https:\/\/pole-franco-allemand.de\/fr\/wp-json\/wp\/v2\/comments?post=37454"}],"version-history":[{"count":5,"href":"https:\/\/pole-franco-allemand.de\/fr\/wp-json\/wp\/v2\/posts\/37454\/revisions"}],"predecessor-version":[{"id":37459,"href":"https:\/\/pole-franco-allemand.de\/fr\/wp-json\/wp\/v2\/posts\/37454\/revisions\/37459"}],"wp:featuredmedia":[{"embeddable":true,"href":"https:\/\/pole-franco-allemand.de\/fr\/wp-json\/wp\/v2\/media\/37452"}],"wp:attachment":[{"href":"https:\/\/pole-franco-allemand.de\/fr\/wp-json\/wp\/v2\/media?parent=37454"}],"wp:term":[{"taxonomy":"category","embeddable":true,"href":"https:\/\/pole-franco-allemand.de\/fr\/wp-json\/wp\/v2\/categories?post=37454"},{"taxonomy":"post_tag","embeddable":true,"href":"https:\/\/pole-franco-allemand.de\/fr\/wp-json\/wp\/v2\/tags?post=37454"}],"curies":[{"name":"wp","href":"https:\/\/api.w.org\/{rel}","templated":true}]}}